
{"id":14222,"date":"2017-10-17T07:48:40","date_gmt":"2017-10-17T05:48:40","guid":{"rendered":"http:\/\/aucreuxdemoname.fr\/blog\/?p=14222"},"modified":"2018-12-14T10:43:38","modified_gmt":"2018-12-14T09:43:38","slug":"nous-toutes","status":"publish","type":"post","link":"https:\/\/aucreuxdemoname.fr\/blog\/nous-toutes\/","title":{"rendered":"Nous toutes"},"content":{"rendered":"<article class=\"entry-content\"><p style=\"text-align: justify;\">Ce hashtag #metoo me rappelle intens\u00e9ment <a href=\"http:\/\/www.madmoizelle.com\/projet-moi-aussi-256708\" target=\"_blank\" rel=\"noopener\">le projet du m\u00eame nom qui avait eu lieu en 2014<\/a>\u00a0pour d\u00e9noncer le harc\u00e8lement de rue (et qu&rsquo;on avait d\u00e9tourn\u00e9 pour cr\u00e9er le <a href=\"http:\/\/projet-nice-guy.tumblr.com\/\" target=\"_blank\" rel=\"noopener\">projet Nice Guy<\/a>).<\/p>\n<p style=\"text-align: justify;\">C&rsquo;\u00e9tait en 2014 et le reste du monde se foutait de nous en disant qu&rsquo;on avait l&rsquo;air d&rsquo;imb\u00e9ciles avec nos hashtags et nos photos de profil ridicules. On a eu la lev\u00e9e de bouclier de tous ces \u00ab\u00a0gentils\u00a0\u00bb mecs et leurs innombrables posts pour dire que sisi, eux ils \u00e9taient \u00e0 la cool avec les femmes, qu&rsquo;on pouvait plus draguer, tout \u00e7a.<\/p>\n<p style=\"text-align: justify;\">Le projet nice guy reprend les quelques 800 (HUIT CENT) contribs que j&rsquo;avais re\u00e7ues en l&rsquo;espace de quelques mois, contribs ferm\u00e9es suite \u00e0 mon \u00e9puisement moral de lire, copier et publier toutes ces atrocit\u00e9s de \u00ab\u00a0nice guys\u00a0\u00bb. J&rsquo;vous jure, je les ai toutes lues de deux \u00e0 trois fois, peu \u00e9tonnant que j&rsquo;aie mis plusieurs semaines \u00e0 m&rsquo;en remettre, plus \u00e9tonnant que je n&rsquo;aie toujours pas investi dans ce lance-grenades.<\/p>\n<p style=\"text-align: justify;\">Du coup l\u00e0 on prend plus ou moins les m\u00eames, sur la th\u00e9matique plus g\u00e9n\u00e9rale des agressions sexuelles, et pas juste le harc\u00e8lement de rue.<\/p>\n<p style=\"text-align: justify;\">Vous \u00eates \u00e9tonn\u00e9-e-s, vous, de voir que la grande grande grande majorit\u00e9 de vos contacts a post\u00e9 ce #metoo \/ #moiaussi ?<\/p>\n<figure id=\"attachment_14226\" aria-describedby=\"caption-attachment-14226\" style=\"width: 403px\" class=\"wp-caption aligncenter\"><img loading=\"lazy\" class=\"size-full wp-image-14226\" src=\"http:\/\/aucreuxdemoname.fr\/blog\/wp-content\/uploads\/2017\/10\/10167925_683376465073011_3224380034730235558_n.jpg\" alt=\"\" width=\"403\" height=\"282\" srcset=\"https:\/\/aucreuxdemoname.fr\/blog\/wp-content\/uploads\/2017\/10\/10167925_683376465073011_3224380034730235558_n.jpg 403w, https:\/\/aucreuxdemoname.fr\/blog\/wp-content\/uploads\/2017\/10\/10167925_683376465073011_3224380034730235558_n-370x259.jpg 370w\" sizes=\"(max-width: 403px) 100vw, 403px\" \/><figcaption id=\"caption-attachment-14226\" class=\"wp-caption-text\">\u00ab\u00a0J&rsquo;ai toujours voulu \u00e9pouser le type qui m&rsquo;a siffl\u00e9 depuis sa voiture\u00a0\u00bb<br \/>&#8211; n&rsquo;a jamais dit aucune femme<\/figcaption><\/figure>\n<h3 style=\"text-align: justify;\"><span style=\"color: #ff0000;\">Moi pas.<\/span><\/h3>\n<p style=\"text-align: justify;\">L&rsquo;avantage du travail de r\u00e9silience que j&rsquo;ai pu faire, outre m&#8217;emp\u00eacher de me foutre en l&rsquo;air (ce qui reste un effet de bord plut\u00f4t sympa) est de pouvoir parler assez librement des agressions que j&rsquo;ai pu subir. Cela fait plusieurs ann\u00e9es, une &#8211; merde &#8211; vingtaine d&rsquo;ann\u00e9es, que ma parole lib\u00e9r\u00e9e m&rsquo;attire les confidences de mes pair-e-s. Et je connais moins de personnes non victimes que de personnes victimes. Si on \u00e9tend aux atteintes de type harc\u00e8lement de rue, je ne connais aucune, macache, z\u00e9ro personne qui n&rsquo;aie pas \u00e9t\u00e9 victime. Personne.<\/p>\n<p style=\"text-align: justify;\">Mes amies, mes m\u00e8res, tantes, grand-m\u00e8res, voisines, coll\u00e8gues, amies, les femmes que je croise dans la rue, dans les transports, toutes, sans aucune foutue exception.<\/p>\n<p style=\"text-align: justify;\">(je parlerai des autres un peu plus bas, remballe ta plume rageuse, Jean-Mesquin, merci).<\/p>\n<h3 style=\"text-align: justify;\">Un hashtag va pas changer le monde<\/h3>\n<p style=\"text-align: justify;\">&#8230;ou peut-\u00eatre que si, un peu.<\/p>\n<p style=\"text-align: justify;\">Depuis 2014, le sujet du harc\u00e8lement de rue a \u00e9t\u00e9 souvent abord\u00e9, nous avons assist\u00e9 \u00e0 plusieurs campagnes m\u00e9diatiques, ce type d&rsquo;agression n&rsquo;est plus vu comme de la drague lourde mais comme une vraie atteinte aux personnes. Tout comme <a href=\"https:\/\/emmaclit.com\/2017\/05\/09\/repartition-des-taches-hommes-femmes\/\" target=\"_blank\" rel=\"noopener\">la BD d&rsquo;Emma-que-j&rsquo;aime-d&rsquo;amour sur la charge mentale<\/a> a permis \u00e0 toutes de se rendre compte que nous n&rsquo;\u00e9tions pas seules, englu\u00e9es dans notre \u00e9puisant quotidien. Emma a lib\u00e9r\u00e9 la parole \u00e0 ce sujet. R\u00e9cemment je vois fleurir les articles sur les violences obst\u00e9tricales et gyn\u00e9cologiques, sujet absolument inexistant il y a quelques ann\u00e9es.<\/p>\n<p style=\"text-align: justify;\">Il y a quelques ann\u00e9es on avouait un viol \u00e0 demi-mots, ou pas du tout. La honte change de camp, sous nos regards \u00e9bahis.<\/p>\n<p style=\"text-align: justify;\">Aujourd&rsquo;hui ces th\u00e9matiques ne sont plus limit\u00e9es au cercle limit\u00e9 de ces hyst\u00e9riques de f\u00e9ministes. Certaines commencent \u00e0 poser des mots sur un v\u00e9cu commun. Sans forc\u00e9ment se d\u00e9clarer tout de suite en faveur du matriarcat mais en se disant que, merde, je suis pas la seule. L&rsquo;aspect syst\u00e9mique est de plus en plus abord\u00e9.<\/p>\n<p style=\"text-align: justify;\">Maintenant, je lis aussi des <strong>personnes qui n&rsquo;osent pas<\/strong>. Personne ne vous oblige \u00e0 revivre votre traumatisme, vous n&rsquo;\u00eates pas oblig\u00e9es d&rsquo;en parler et de vous exposer. Ne vous sentez pas coupables non plus de ne pas \u00ab\u00a0oser\u00a0\u00bb donner des noms, des dates. Tout comme je vous demande de ne pas vous sentir coupable de ne pas avoir d\u00e9nonc\u00e9 ni port\u00e9 plainte. Pour l&rsquo;avoir v\u00e9cu, le passage commissariat\/justice est une \u00e9preuve immense. Je ne l&rsquo;ai fait qu&rsquo;une seule fois, apr\u00e8s \u00e7a j&rsquo;ai jamais voulu y retourner malgr\u00e9 les autres agressions qui auraient pu largement justifier une plainte. En revanches, sachez qu&rsquo;on est l\u00e0. Si vous voulez m&rsquo;en parler, je suis toujours dispo pour vous accueillir, vous \u00e9couter et vous aider dans la mesure de mes moyens. La sororit\u00e9 c&rsquo;est aussi soutenir les plus fragiles. C&rsquo;est pas grave d&rsquo;\u00eatre fragile, on l&rsquo;est toutes, vous n&rsquo;\u00eates pas seules et vous n&rsquo;\u00eates pas l\u00e2ches, vous faites en fonction de vos moyens.<\/p>\n<p>Une condamnation apporte rarement la paix. Se voir humilier durant tout le processus est parfois plus traumatisant que l&rsquo;agression en elle-m\u00eame. Pensons-y avant de d\u00e9noncer ces femmes qui n&rsquo;ont rien dit. Serrons-nous les coudes.<\/p>\n<p style=\"text-align: justify;\">Je ne suis pas contente de voir tous ces posts sur le sujet, \u00e9videmment, mais <strong>je suis foutrement contente de voir que notre parole se lib\u00e8re<\/strong>.<\/p>\n<p style=\"text-align: justify;\">Evidemment, il y a et il y aura toujours ces foutus nice guys qui, eux, sont irr\u00e9prochables.<\/p>\n<figure id=\"attachment_14227\" aria-describedby=\"caption-attachment-14227\" style=\"width: 600px\" class=\"wp-caption aligncenter\"><img loading=\"lazy\" class=\"size-full wp-image-14227\" src=\"http:\/\/aucreuxdemoname.fr\/blog\/wp-content\/uploads\/2017\/10\/4211427_700b_v1.jpg\" alt=\"\" width=\"600\" height=\"640\" srcset=\"https:\/\/aucreuxdemoname.fr\/blog\/wp-content\/uploads\/2017\/10\/4211427_700b_v1.jpg 600w, https:\/\/aucreuxdemoname.fr\/blog\/wp-content\/uploads\/2017\/10\/4211427_700b_v1-469x500.jpg 469w, https:\/\/aucreuxdemoname.fr\/blog\/wp-content\/uploads\/2017\/10\/4211427_700b_v1-370x395.jpg 370w, https:\/\/aucreuxdemoname.fr\/blog\/wp-content\/uploads\/2017\/10\/4211427_700b_v1-570x608.jpg 570w, https:\/\/aucreuxdemoname.fr\/blog\/wp-content\/uploads\/2017\/10\/4211427_700b_v1-544x580.jpg 544w\" sizes=\"(max-width: 600px) 100vw, 600px\" \/><figcaption id=\"caption-attachment-14227\" class=\"wp-caption-text\">\u00ab\u00a0J&rsquo;ai arr\u00eat\u00e9 de t&rsquo;\u00e9couter, pourquoi tu n&rsquo;as pas arr\u00eat\u00e9 de parler ?\u00a0\u00bb<\/figcaption><\/figure>\n<h3 style=\"text-align: justify;\">#notallmen<\/h3>\n<p style=\"text-align: justify;\">\u00ab\u00a0Moi moi moi moiiiiiiiii\u00a0\u00bb<\/p>\n<p style=\"text-align: justify;\">Je vais me r\u00e9p\u00e9ter, je sais que vous aimez \u00e7a.<\/p>\n<p style=\"text-align: justify;\">Si tu n&rsquo;a jamais agress\u00e9 une femme, si tu n&rsquo;as jamais \u00ab\u00a0dragu\u00e9\u00a0\u00bb lourdement, si tu as toujours scrupuleusement respect\u00e9 le consentement de tes partenaires, mec, bravo ! Mais c&rsquo;est pas super bien cool youpie voici ton cookie, non, c&rsquo;est normal. C&rsquo;est juste normal, comme moi quand je paie l&rsquo;addition au caf\u00e9 du coin au lieu de me tirer en courant. Vous \u00eates des mecs bien, <strong>tant mieux<\/strong>.<\/p>\n<p style=\"text-align: justify;\">Etre un mec bien qui agit pour que d&rsquo;autres mecs prennent conscience de leurs dysfonctionnements, hey, c&rsquo;est votre boulot <strong>\u00e0 vous<\/strong>.<\/p>\n<p style=\"text-align: justify;\">Quand \u00e0 \u00e7a :<\/p>\n<p style=\"text-align: justify;\"><a href=\"http:\/\/www.lesrepliques.com\/Balance-ton-porc_a2050.html\"><img loading=\"lazy\" class=\"aligncenter size-full wp-image-14223\" src=\"http:\/\/aucreuxdemoname.fr\/blog\/wp-content\/uploads\/2017\/10\/17662445-22096097.jpg\" alt=\"\" width=\"564\" height=\"294\" srcset=\"https:\/\/aucreuxdemoname.fr\/blog\/wp-content\/uploads\/2017\/10\/17662445-22096097.jpg 564w, https:\/\/aucreuxdemoname.fr\/blog\/wp-content\/uploads\/2017\/10\/17662445-22096097-500x261.jpg 500w, https:\/\/aucreuxdemoname.fr\/blog\/wp-content\/uploads\/2017\/10\/17662445-22096097-370x193.jpg 370w\" sizes=\"(max-width: 564px) 100vw, 564px\" \/><\/a><\/p>\n<p style=\"text-align: justify;\">Mec. S\u00e9rieusement. Va jouer dans la b\u00e9tonni\u00e8re.<\/p>\n<h3 style=\"text-align: justify;\">Et les autres ?<\/h3>\n<p style=\"text-align: justify;\">Comme souvent, <strong>les personnes trans sont compl\u00e8tement invisibilis\u00e9es<\/strong> et \u00e7a, c&rsquo;est le truc qui me blase. Le mouvement a \u00e9t\u00e9 lanc\u00e9 en mentionnant les \u00ab\u00a0femmes\u00a0\u00bb puis les \u00ab\u00a0afab\u00a0\u00bb, ouais, youpi. Ce serait tellement mieux si on pouvait inclure toutes les probl\u00e9matiques li\u00e9es aux personnes oppress\u00e9es par leur genre per\u00e7u ou ressenti.<\/p>\n<p style=\"text-align: justify;\">Donc je vous glisse ici tout mon soutien et mon amour. Je vous aime, vous \u00eates courageuxses, fort-e-s et les principales victimes de violences patriarcales.<\/p>\n<p style=\"text-align: justify;\">On parle aussi du viol commis sur les hommes. Et je dis : pourquoi pas ?<\/p>\n<h3 style=\"text-align: justify;\">Oui mais les hommes ? Hein ?<\/h3>\n<p style=\"text-align: justify;\">Oh merde je parle de vous depuis tout \u00e0 l&rsquo;heure, vous \u00eates chiants !<\/p>\n<p style=\"text-align: justify;\">Plus s\u00e9rieusement, voil\u00e0 quelques choses que vous pouvez faire.<\/p>\n<ol style=\"text-align: justify;\">\n<li>Relayez la parole des victimes<\/li>\n<li>Remettez en question vos actes. L&rsquo;agresseur \u00e7a a pu \u00eatre vous. Un geste dont vous vous ne souvenez plus ou que vous consid\u00e9rez comme un manque de d\u00e9licatesse mais qui a pu laisser une personne traumatis\u00e9e. Si vous voulez vous outez, nous vous soutiendrons.<\/li>\n<li>R\u00e9fl\u00e9chissez aux moyens de nous aider.<\/li>\n<\/ol>\n<p style=\"text-align: justify;\"><img loading=\"lazy\" class=\"aligncenter size-full wp-image-14224\" src=\"http:\/\/aucreuxdemoname.fr\/blog\/wp-content\/uploads\/2017\/10\/22519470_10155872802063885_7865504791161310123_n.jpg\" alt=\"\" width=\"800\" height=\"800\" srcset=\"https:\/\/aucreuxdemoname.fr\/blog\/wp-content\/uploads\/2017\/10\/22519470_10155872802063885_7865504791161310123_n.jpg 800w, https:\/\/aucreuxdemoname.fr\/blog\/wp-content\/uploads\/2017\/10\/22519470_10155872802063885_7865504791161310123_n-500x500.jpg 500w, https:\/\/aucreuxdemoname.fr\/blog\/wp-content\/uploads\/2017\/10\/22519470_10155872802063885_7865504791161310123_n-250x250.jpg 250w, https:\/\/aucreuxdemoname.fr\/blog\/wp-content\/uploads\/2017\/10\/22519470_10155872802063885_7865504791161310123_n-768x768.jpg 768w, https:\/\/aucreuxdemoname.fr\/blog\/wp-content\/uploads\/2017\/10\/22519470_10155872802063885_7865504791161310123_n-370x370.jpg 370w, https:\/\/aucreuxdemoname.fr\/blog\/wp-content\/uploads\/2017\/10\/22519470_10155872802063885_7865504791161310123_n-570x570.jpg 570w, https:\/\/aucreuxdemoname.fr\/blog\/wp-content\/uploads\/2017\/10\/22519470_10155872802063885_7865504791161310123_n-770x770.jpg 770w, https:\/\/aucreuxdemoname.fr\/blog\/wp-content\/uploads\/2017\/10\/22519470_10155872802063885_7865504791161310123_n-580x580.jpg 580w\" sizes=\"(max-width: 800px) 100vw, 800px\" \/><\/p>\n<p style=\"text-align: justify;\">&#8230;et \u00e7a sera beaucoup plus productif que de chouiner que vous \u00eates un chic type, je vous assure.<\/p>\n<\/article>","protected":false},"excerpt":{"rendered":"<p>Ce hashtag #metoo me rappelle intens\u00e9ment le projet du m\u00eame nom qui avait eu lieu en 2014\u00a0pour d\u00e9noncer le harc\u00e8lement de rue (et qu&rsquo;on&#8230;<\/p>\n","protected":false},"author":1,"featured_media":14225,"comment_status":"open","ping_status":"open","sticky":false,"template":"","format":"standard","meta":[],"categories":[2,3],"tags":[],"_links":{"self":[{"href":"https:\/\/aucreuxdemoname.fr\/blog\/wp-json\/wp\/v2\/posts\/14222"}],"collection":[{"href":"https:\/\/aucreuxdemoname.fr\/blog\/wp-json\/wp\/v2\/posts"}],"about":[{"href":"https:\/\/aucreuxdemoname.fr\/blog\/wp-json\/wp\/v2\/types\/post"}],"author":[{"embeddable":true,"href":"https:\/\/aucreuxdemoname.fr\/blog\/wp-json\/wp\/v2\/users\/1"}],"replies":[{"embeddable":true,"href":"https:\/\/aucreuxdemoname.fr\/blog\/wp-json\/wp\/v2\/comments?post=14222"}],"version-history":[{"count":1,"href":"https:\/\/aucreuxdemoname.fr\/blog\/wp-json\/wp\/v2\/posts\/14222\/revisions"}],"predecessor-version":[{"id":15203,"href":"https:\/\/aucreuxdemoname.fr\/blog\/wp-json\/wp\/v2\/posts\/14222\/revisions\/15203"}],"wp:featuredmedia":[{"embeddable":true,"href":"https:\/\/aucreuxdemoname.fr\/blog\/wp-json\/wp\/v2\/media\/14225"}],"wp:attachment":[{"href":"https:\/\/aucreuxdemoname.fr\/blog\/wp-json\/wp\/v2\/media?parent=14222"}],"wp:term":[{"taxonomy":"category","embeddable":true,"href":"https:\/\/aucreuxdemoname.fr\/blog\/wp-json\/wp\/v2\/categories?post=14222"},{"taxonomy":"post_tag","embeddable":true,"href":"https:\/\/aucreuxdemoname.fr\/blog\/wp-json\/wp\/v2\/tags?post=14222"}],"curies":[{"name":"wp","href":"https:\/\/api.w.org\/{rel}","templated":true}]}}