
{"id":13925,"date":"2017-03-09T13:32:32","date_gmt":"2017-03-09T12:32:32","guid":{"rendered":"http:\/\/aucreuxdemoname.fr\/blog\/?p=13925"},"modified":"2018-12-14T10:43:39","modified_gmt":"2018-12-14T09:43:39","slug":"je-ne-suis-pas-un-quota","status":"publish","type":"post","link":"https:\/\/aucreuxdemoname.fr\/blog\/je-ne-suis-pas-un-quota\/","title":{"rendered":"Je ne suis pas un quota !"},"content":{"rendered":"<article class=\"entry-content\"><p style=\"text-align: justify;\">Je suis handicap\u00e9e.<\/p>\n<p style=\"text-align: justify;\">Je travaille depuis mes 18 ans, j&rsquo;en ai 32. Mon CV est bien fourni, et je me suis battue pour \u00e9voluer dans mon travail. Je me suis form\u00e9e par moi-m\u00eame, j&rsquo;ai pass\u00e9 des concours pour suivre une formation tr\u00e8s demand\u00e9e \u00e0 l&rsquo;AFPA, j&rsquo;ai financ\u00e9 un second cursus dipl\u00f4mant dans une branche tr\u00e8s en demande. Lorsque je mets mon CV en ligne sur des sites de recherche d&#8217;emploi, on me rappelle. Souvent. J&rsquo;ai un profil et une exp\u00e9rience int\u00e9ressants.<\/p>\n<p style=\"text-align: justify;\">Et pourtant.<\/p>\n<p style=\"text-align: justify;\">Je suis travailleuse handicap\u00e9e. Je suis une femme. Et \u00e7a, \u00e7a change tout.<\/p>\n<p style=\"text-align: justify;\">J&rsquo;ai eu ma reconnaissance travailleuse handicap\u00e9e (RQTH) en 2010. J&rsquo;ai commenc\u00e9 les d\u00e9marches quand on m&rsquo;a appris qu&rsquo;on ne renouvellerait pas mon CDD car j&rsquo;\u00e9tais trop absente. Mon rhumato de l&rsquo;\u00e9poque avait refus\u00e9 de me prescrire des b\u00e9quilles, car \u00ab perdez du poids, on en reparlera apr\u00e8s \u00bb. Lors de mon entretien de bye-bye, j&rsquo;ai pr\u00e9cis\u00e9 que j&rsquo;avais entam\u00e9 la proc\u00e9dure aupr\u00e8s de la MDPH (Maison Des Personnes Handicap\u00e9es) \u00e0 mon boss. Sa r\u00e9ponse, r\u00e9voltante, aurait pourtant d\u00fb me mettre la puce \u00e0 l&rsquo;oreille.<\/p>\n<blockquote>\n<p style=\"text-align: justify;\">Ah mais \u00e7a change tout ! Revenez nous voir quand vous l&rsquo;aurez, nous vous reprendrons.<\/p>\n<\/blockquote>\n<p style=\"text-align: justify;\">C&rsquo;\u00e9tait un vrai abruti, du genre ultracapitaliste, et que les inaptes cr\u00e8vent la gueule ouverte, sauf, bien s\u00fbr, si les inaptes peuvent \u00eatre compt\u00e9s dans le quota handicap\u00e9. Il avait tol\u00e9r\u00e9 des mois de harc\u00e8lement \u00e0 mon encontre, malgr\u00e9 mes signalements, sans hausser un sourcil. \u00c9videmment, je ne suis jamais revenue.<\/p>\n<p style=\"text-align: justify;\">Alors, j&rsquo;ai d\u00e9couvert le monde merveilleux de la recherche d&#8217;emploi en tant que travailleuse handicap\u00e9e. J&rsquo;avais le pr\u00e9cieux s\u00e9same ainsi qu&rsquo;une carte de station debout p\u00e9nible. Je me suis inscrite sur plusieurs sites sp\u00e9cialis\u00e9s. Rapidement, j&rsquo;ai eu plusieurs propositions. Oh, beaucoup moins que par les sites classiques, mais quand m\u00eame.<\/p>\n<p style=\"text-align: justify;\">Et rapidement, je me suis rendu compte que j&rsquo;\u00e9tais tomb\u00e9e dans un sacr\u00e9 business&#8230; J&rsquo;\u00e9tais devenue un quota. On me proposait des postes, loin (\u00ab Heu oui enfin 4 correspondances en m\u00e9tro c&rsquo;est un peu beaucoup\u2026 \u00bb), sous-qualifi\u00e9s, sous-pay\u00e9s. En revanche, joie, les employeurs \u00e9taient tout miel, pour une fois.<\/p>\n<p style=\"text-align: justify;\">Mon premier job obtenu via une de ces agences, et le seul, fut un calvaire.<\/p>\n<p style=\"text-align: justify;\">Grande bo\u00eete prestigieuse, salaire correct, direct en transports. Avantages sociaux, tout \u00e7a. Leur op\u00e9ration s\u00e9duction a bien fonctionn\u00e9 pour moi, je n&rsquo;en revenais pas de tant d&rsquo;attentions. Mais\u00a0petit b\u00e9mol, le service recrutement s&rsquo;\u00e9tait \u00ab tromp\u00e9 \u00bb, j&rsquo;allais faire deux CDD au lieu d&rsquo;un. Le premier de deux mois et tenant lieu de p\u00e9riode d&rsquo;essai, puis 10 jours non travaill\u00e9s pour \u00ab des histoires de r\u00e9glementation \u00bb (en r\u00e9alit\u00e9, pour pouvoir me faire cumuler de longs CDD \u00ab l\u00e9galement \u00bb). Je me suis donc retrouv\u00e9e \u00e0 devoir faire\u00a0un CDD de 2 mois, puis un de 6 mois, puis on verra. M&rsquo;enfin, vous savez bien, quand on est pr\u00e9caire, on accepte tout.<\/p>\n<p style=\"text-align: justify;\">Pr\u00e9alablement \u00e0 l&#8217;embauche, j&rsquo;ai pass\u00e9 une visite m\u00e9dicale. Elle se passe bien, mais je pr\u00e9cise \u00e0 nouveau mes exigences. La praticienne comprend, et me dit qu&rsquo;elle viendra me voir sur mon poste de travail pour v\u00e9rifier que tout est conforme. Je trouve cela un peu excessif, mais elle soupire d&rsquo;un air entendu. OK.<\/p>\n<figure id=\"attachment_218\" aria-describedby=\"caption-attachment-218\" style=\"width: 300px\" class=\"wp-caption aligncenter\"><a href=\"http:\/\/lechodessorcieres.net\/wp-content\/uploads\/2015\/02\/2012_11_29__16_15_centre_curial_compagnie_tatoo.jpg\"><img loading=\"lazy\" class=\"wp-image-218 size-medium\" src=\"http:\/\/lechodessorcieres.net\/wp-content\/uploads\/2015\/02\/2012_11_29__16_15_centre_curial_compagnie_tatoo-300x191.jpg\" alt=\"Compagnie Tatoo - Danse et handicap\" width=\"300\" height=\"191\" \/><\/a><figcaption id=\"caption-attachment-218\" class=\"wp-caption-text\">Compagnie Tatoo &#8211; Danse et handicap<\/figcaption><\/figure>\n<h4 style=\"text-align: justify;\">Le Si\u00e8ge du Malin<\/h4>\n<p style=\"text-align: justify;\">Mes seules exigences \u00e9taient un fauteuil ergonomique et un repose-pieds. J&rsquo;ai pens\u00e9 \u00e0 une erreur lorsque je me suis assise pour la premi\u00e8re fois sur mon fauteuil. Plus tard, j&rsquo;ai os\u00e9 le faire tester \u00e0 mes coll\u00e8gues, nous f\u00fbmes unanimes : ce si\u00e8ge \u00e9tait probablement le moins confortable du monde libre. J&rsquo;ai fini par r\u00e9cup\u00e9rer un fauteuil normal.<\/p>\n<p style=\"text-align: justify;\"><span style=\"color: #ff00ff;\"><strong>Peut-on \u00eatre vir\u00e9e\u00a0pour un fauteuil ?<\/strong><\/span> Avant cette exp\u00e9rience, je vous aurai ri au nez, en vous disant que vous avez probablement abus\u00e9 de substances hallucinog\u00e8nes.<\/p>\n<p style=\"text-align: justify;\">Au d\u00e9but, tout se passe bien au travail. Je suis un peu famili\u00e8re, certains coll\u00e8gues n&rsquo;aiment pas trop, alors je rectifie le tir. Cela ne m&#8217;emp\u00eache pas de bosser comme une damn\u00e9e et d&rsquo;apprendre vite, tr\u00e8s vite. Je suis une employ\u00e9e exemplaire, attentive, forcen\u00e9e, dynamique.. Et puis, une des boss part en d\u00e9pression. Les vautours s&rsquo;arrachent sa cafeti\u00e8re, son mug, son imprimante&#8230;mais moi je lorgne son si\u00e8ge.<\/p>\n<p style=\"text-align: justify;\">Je fais une demande en bonne et due forme, aupr\u00e8s de ma cheffe et de la RH. Le lendemain, la m\u00e9decin du travail vient me rendre visite, je l&rsquo;ai mise en copie du mail de demande pour le si\u00e8ge, elle me propose d&rsquo;aller le voir.<\/p>\n<p style=\"text-align: justify;\">Le si\u00e8ge a disparu. Damn.<\/p>\n<p style=\"text-align: justify;\">Elle est furieuse, je suis piteuse. Les jours passent.<\/p>\n<p style=\"text-align: justify;\">Un de mes coll\u00e8gues m&rsquo;apprend qu&rsquo;ils ont retrouv\u00e9 le si\u00e8ge. Dans le bureau du mari de ma cheffe, qui bosse au m\u00eame \u00e9tage dans un autre service&#8230;tiens donc. Je d\u00e9cide de ne pas insister.<\/p>\n<p style=\"text-align: justify;\">Sauf que j&rsquo;apprends que\u00a0ladite cheffe a su que j&rsquo;avais su que. Elle me convoque une premi\u00e8re fois, pour \u00ab faire le point \u00bb. Je ne vois pas le rapport, j&rsquo;y vais, confiante. Et l\u00e0, d\u00e9gringolade. Je ne suis pas nulle, maiiiiis&#8230;deux trois trucs. Du coup, on va voir pour mon second CDD, mais c&rsquo;est pas gagn\u00e9.<\/p>\n<blockquote>\n<p style=\"text-align: justify;\">\u00ab Au fait, ce n&rsquo;est pas mon mari qui a le si\u00e8ge \u00bb me glisse-t-elle \u00e0 la fin de l&rsquo;entretien.<\/p>\n<\/blockquote>\n<p style=\"text-align: justify;\">Ah ?<\/p>\n<p style=\"text-align: justify;\">Je m\u00e8ne l&rsquo;enqu\u00eate. Effectivement, le si\u00e8ge a de nouveau \u00ab disparu \u00bb. Je commence \u00e0 comprendre. J&rsquo;ai pris ma cheffe en faute.<\/p>\n<p style=\"text-align: justify;\"><a href=\"http:\/\/lechodessorcieres.net\/wp-content\/uploads\/2015\/02\/Bettler_Bosch.jpg\"><img loading=\"lazy\" class=\" size-medium wp-image-217 aligncenter\" src=\"http:\/\/lechodessorcieres.net\/wp-content\/uploads\/2015\/02\/Bettler_Bosch-181x300.jpg\" alt=\"Bettler_Bosch\" width=\"181\" height=\"300\" \/><\/a><\/p>\n<h4 style=\"text-align: justify;\">Voyage au bout de l&rsquo;hallu<\/h4>\n<p style=\"text-align: justify;\">Commence le v\u00e9ritable calvaire. Pas celui des heures sup&rsquo;, pas celui du boulot hyper prenant, pas celui des rivalit\u00e9s entre bureaux. Celui de la pure injustice. Car on me reproche tout. Comme je travaille bien, on cherche le d\u00e9tail qui tue. Je n&rsquo;ai pas \u00e9t\u00e9 form\u00e9e sur une proc\u00e9dure apr\u00e8s mes demandes r\u00e9p\u00e9t\u00e9es ? C&rsquo;est de ma faute. Un des commerciaux plaisante avec moi ? Je perturbe son travail.<\/p>\n<p style=\"text-align: justify;\">Et puis mon repose-pieds dispara\u00eet. Mon repose-poignet me faisait mal, mais on m&rsquo;oblige \u00e0 le remettre \u00ab parce que je l&rsquo;ai demand\u00e9 \u00bb.<\/p>\n<p style=\"text-align: justify;\">Vient la convocation, l&rsquo;ultime. Celle o\u00f9 je re\u00e7ois un placard sur la gueule. Les d\u00e9tails, les d\u00e9tails. Elle n&rsquo;a rien \u00e0 me reprocher de concret, alors elle dit que je suis \u00ab trop joviale \u00bb. S\u00e9rieusement, trop joviale. Oh, et puis mon poste a \u00e9t\u00e9 donn\u00e9 \u00e0 une autre personne, mais on pourra peut-\u00eatre me replacer dans une autre \u00e9quipe, si je fais des efforts. Elle le dit sans conviction, je l&rsquo;\u00e9coute sans conviction. Je reviens \u00e0 mon bureau, je r\u00e9cup\u00e8re mes affaires sans rien dire.<\/p>\n<p style=\"text-align: justify;\">Puis la RH me demande de venir la voir. Je lui r\u00e9ponds que je sais d\u00e9j\u00e0 que je ne reste pas, que ce n&rsquo;est pas la peine de lui faire perdre son temps. Elle m&rsquo;appelle sur ma ligne directe, me hurle dessus. J&rsquo;y vais.<\/p>\n<p style=\"text-align: justify;\">Entretien avec ma cheffe, o\u00f9 on parle de mon \u00ab attitude \u00bb. Je leur r\u00e9pond que se la faire faire \u00e0 l&rsquo;envers, \u00e7a fait jamais plaisir, et que j&rsquo;ai du mal \u00e0 encaisser les coups bas avec le sourire. On me dit qu&rsquo;on ne me trouvera pas de place ailleurs si je continue. Je souris.<\/p>\n<blockquote>\n<p style=\"text-align: justify;\">Parce que vous croyez s\u00e9rieusement que JE veux continuer \u00e0 perdre mon temps avec VOUS ?<\/p>\n<\/blockquote>\n<p style=\"text-align: justify;\">En r\u00e9alit\u00e9, j&rsquo;ai un entretien le lendemain pour une autre bo\u00eete, et un autre le surlendemain. Je leur demande si c&rsquo;est tout, elles sont \u00e9berlu\u00e9es. Je me l\u00e8ve sans attendre leur r\u00e9ponse, je m&rsquo;en vais. Je ne reviendrai plus jamais.<\/p>\n<p>\u00a0<a href=\"http:\/\/lechodessorcieres.net\/wp-content\/uploads\/2015\/02\/A_man_with_a_wooden_leg_begging_for_alms_Wellcome_L00195311.jpg\"><img loading=\"lazy\" class=\"aligncenter wp-image-215 size-medium\" src=\"http:\/\/lechodessorcieres.net\/wp-content\/uploads\/2015\/02\/A_man_with_a_wooden_leg_begging_for_alms_Wellcome_L00195311-205x300.jpg\" alt=\"L0019531 A man with a wooden leg begging for alms\" width=\"205\" height=\"300\" \/><\/a><\/p>\n<h4 style=\"text-align: justify;\">Je suis un quota<\/h4>\n<p style=\"text-align: justify;\">J&rsquo;avais d\u00e9j\u00e0 \u00e9t\u00e9 engag\u00e9e car \u00ab une pr\u00e9sence f\u00e9minine dans notre \u00e9quipe \u00e7a apportera de la douceur \u00bb (sic), \u00e0 pr\u00e9sent je fais partie des 6%. Je suis un quota.<\/p>\n<p style=\"text-align: justify;\">La r\u00e9alit\u00e9 de la RQTH c&rsquo;est que si on ne pr\u00e9cise pas \u00e0 l&rsquo;entretien qu&rsquo;on est handicap\u00e9-e, on morfle. J&rsquo;ai la chance d&rsquo;avoir un handicap invisible, je pourrais parfaitement retrouver un travail facilement, mais en g\u00e9n\u00e9ral, sans disposition particuli\u00e8re, je ne tiens pas. Alors, je pr\u00e9cise mon statut. Mais j&rsquo;h\u00e9site. Beaucoup.<\/p>\n<p style=\"text-align: justify;\">Parce que je sais que je suis tout b\u00e9nef&rsquo; pour une entreprise. Que je travaille dur, et que je les arrange bien.<\/p>\n<p style=\"text-align: justify;\">Sauf que.<\/p>\n<p style=\"text-align: justify;\">Sauf que je n&rsquo;ai jamais le mat\u00e9riel dont j&rsquo;ai besoin, ou alors \u00ab il faut commander, c&rsquo;est compliqu\u00e9 \u00bb (oui, un repose-pieds c&rsquo;est 18\u20ac, si vous voulez je le commande hein\u2026). Je peux toujours r\u00eaver d&rsquo;un fauteuil ergonomique, je sais que je finirai avec une daubasse MAIS pourvue d&rsquo;accoudoirs. Luxe.<\/p>\n<p style=\"text-align: justify;\">Sauf qu&rsquo;on n&rsquo;am\u00e9nage jamais mes horaires pour me permettre de me faire soigner chez ma kin\u00e9, ou alors \u00e0 reculons. Bon sang, un jour par semaine j&rsquo;arrive \u00e0 9h30 au lieu de 9h, je comprends, c&rsquo;est grave.<\/p>\n<p style=\"text-align: justify;\">Sauf qu&rsquo;on n&rsquo;envisage pas que je puisse avoir une plus grande fatigabilit\u00e9. Si je suis fatigu\u00e9e, on me le reproche.<\/p>\n<p style=\"text-align: justify;\">Sauf qu&rsquo;on ne tol\u00e8re pas quand j&rsquo;ai un jour d&rsquo;arr\u00eat. On trouve bizarre que je pr\u00e9vienne la veille, m\u00eame si j&rsquo;explique que je sens venir les pouss\u00e9es inflammatoires un ou deux jours avant.<\/p>\n<p style=\"text-align: justify;\">Sauf qu&rsquo;on me regarde de travers quand je viens avec ma canne.<\/p>\n<p style=\"text-align: justify;\">En gros, on veut surtout le quota, mais qu&rsquo;elle fasse pas chier. Aucune adaptation, c&rsquo;est \u00e0 moi de serrer les dents et de fermer ma gueule. Apr\u00e8s tout, ils sont d\u00e9j\u00e0 bien gentils d&rsquo;avoir conc\u00e9d\u00e9 une place \u00e0 une inapte. D&rsquo;ailleurs, c&rsquo;est unE inapte, et\u00a0on sait bien que les nanas exag\u00e8rent toujours leurs petits maux, hein. C&rsquo;est pas si terrible, sa maladie, elle exag\u00e8re.<\/p>\n<p style=\"text-align: justify;\">Moi, en attendant, mon corps a dit stop, et a cess\u00e9 de fonctionner un moment, histoire que je me rende compte que je le poussais \u00e0 bout sans cesse.<\/p>\n<p style=\"text-align: justify;\">Je travaille bien. Je le sais. Dans mon domaine, je suis dou\u00e9e, comp\u00e9tente, cr\u00e9ative et s\u00e9rieuse. On ne m&rsquo;a jamais reproch\u00e9 quoi que ce soit \u00e0 ce niveau, en revanche, on me signale souvent que je ne suis pas tr\u00e8s&#8230; pratique.\u00a0Je connais beaucoup de malades qui ne d\u00e9clarent pas leur handicap. Je les comprends. Le march\u00e9 de l&#8217;emploi c&rsquo;est d\u00e9j\u00e0 une jungle, alors en \u00e9tant handicap\u00e9e, c&rsquo;est pire que tout.<\/p>\n<p style=\"text-align: justify;\">Parfois, il y a des exceptions. Il y a des postes positifs, des bo\u00eetes o\u00f9 les boss et les RH sont humains. J&rsquo;ai eu un contrat, court, dans une bo\u00eete qui a vraiment pris en compte mon handicap. Je pense y retourner et je sais que j&rsquo;y suis attendue. Et \u00e7a, \u00e7a fait du bien.<\/p>\n<\/article>","protected":false},"excerpt":{"rendered":"<p>Je suis handicap\u00e9e. Je travaille depuis mes 18 ans, j&rsquo;en ai 32. Mon CV est bien fourni, et je me suis battue pour \u00e9voluer&#8230;<\/p>\n","protected":false},"author":1,"featured_media":13926,"comment_status":"open","ping_status":"open","sticky":false,"template":"","format":"standard","meta":[],"categories":[5],"tags":[],"_links":{"self":[{"href":"https:\/\/aucreuxdemoname.fr\/blog\/wp-json\/wp\/v2\/posts\/13925"}],"collection":[{"href":"https:\/\/aucreuxdemoname.fr\/blog\/wp-json\/wp\/v2\/posts"}],"about":[{"href":"https:\/\/aucreuxdemoname.fr\/blog\/wp-json\/wp\/v2\/types\/post"}],"author":[{"embeddable":true,"href":"https:\/\/aucreuxdemoname.fr\/blog\/wp-json\/wp\/v2\/users\/1"}],"replies":[{"embeddable":true,"href":"https:\/\/aucreuxdemoname.fr\/blog\/wp-json\/wp\/v2\/comments?post=13925"}],"version-history":[{"count":1,"href":"https:\/\/aucreuxdemoname.fr\/blog\/wp-json\/wp\/v2\/posts\/13925\/revisions"}],"predecessor-version":[{"id":15213,"href":"https:\/\/aucreuxdemoname.fr\/blog\/wp-json\/wp\/v2\/posts\/13925\/revisions\/15213"}],"wp:featuredmedia":[{"embeddable":true,"href":"https:\/\/aucreuxdemoname.fr\/blog\/wp-json\/wp\/v2\/media\/13926"}],"wp:attachment":[{"href":"https:\/\/aucreuxdemoname.fr\/blog\/wp-json\/wp\/v2\/media?parent=13925"}],"wp:term":[{"taxonomy":"category","embeddable":true,"href":"https:\/\/aucreuxdemoname.fr\/blog\/wp-json\/wp\/v2\/categories?post=13925"},{"taxonomy":"post_tag","embeddable":true,"href":"https:\/\/aucreuxdemoname.fr\/blog\/wp-json\/wp\/v2\/tags?post=13925"}],"curies":[{"name":"wp","href":"https:\/\/api.w.org\/{rel}","templated":true}]}}