
{"id":10588,"date":"2014-09-22T20:22:20","date_gmt":"2014-09-22T19:22:20","guid":{"rendered":"http:\/\/aucreuxdemoname.fr\/?p=10588"},"modified":"2018-12-14T10:43:39","modified_gmt":"2018-12-14T09:43:39","slug":"rudolf-steiner-et-la-science","status":"publish","type":"post","link":"https:\/\/aucreuxdemoname.fr\/blog\/rudolf-steiner-et-la-science\/","title":{"rendered":"[3] Rudolf Steiner et la Science"},"content":{"rendered":"<article class=\"entry-content\"><p align=\"justify\">Nous avons vu dans le billet pr\u00e9c\u00e9dent <a href=\"http:\/\/aucreuxdemoname.fr\/?p=10572\" target=\"_blank\" rel=\"noopener\">un r\u00e9sum\u00e9<\/a> de la pens\u00e9e anthroposophique. Ce fut laborieux, mais \u00e9difiant (au moins pour moi, et je ne vous ai pas tout racont\u00e9 dans l\u2019exhaustivit\u00e9 du bidule).<\/p>\n<p align=\"justify\">A la lecture de \u201cla Philosophie de la Libert\u00e9\u201d, hors l\u2019\u00e9tude de texte que je vous pr\u00e9senterai plus tard quand j\u2019aurai la Foi (ha ha), plusieurs choses m\u2019ont frapp\u00e9es, et notamment cette d\u00e9fiance de la science \u201cmat\u00e9rialiste\u201d par Steiner.<\/p>\n<p align=\"justify\">Je vous ai propos\u00e9 quelques extraits \u201camusants\u201d <a href=\"https:\/\/aucreuxdemoname.fr\/blog\/part-1-de-steiner-aux-colibris-la-grande-arnaque-de-lanthroposophie\/\" target=\"_blank\" rel=\"noopener\">dans le premier billet de ce dossier<\/a> faisant \u00e9tat des connaissances plus qu\u2019approximatives du ma\u00eetre en mati\u00e8re d\u2019astrophysique, et de physique en g\u00e9n\u00e9ral.<\/p>\n<p align=\"justify\"><a href=\"http:\/\/gregoireperra.wordpress.com\/2012\/11\/27\/la-cosmologie-chimerique-de-rudolf-steiner-par-jean-francois-theys\/\" target=\"_blank\" rel=\"noopener\">De prime abord, des phrases telles que<\/a> :<\/p>\n<blockquote>\n<p align=\"justify\">Une science physique cela n\u2019a de sens que pour la Terre, car c\u2019est seulement sur la Terre qu\u2019il existe de la mati\u00e8re physique.<\/p>\n<p align=\"justify\">(Consid\u00e9rations \u00e9sot\u00e9riques sur le karma Tome 5 \u2013 GA 239, 8 juin 1924 \u2013 p.169)<\/p>\n<\/blockquote>\n<p align=\"justify\">ou m\u00eame :<\/p>\n<blockquote>\n<p align=\"justify\">Mais les entit\u00e9s spirituelles porteuses de cette sagesse primordiale et qui autrefois avait foul\u00e9 la terre [en Atlantide] s\u2019\u00e9taient depuis longtemps retir\u00e9es et avait fond\u00e9 la colonie cosmique de la Lune. C\u2019est pur enfantillage de croire que la Lune est ce corps durci, glac\u00e9, que la physique actuelle d\u00e9crit\u2026<br \/>\n(Histoire du monde \u00e0 la lumi\u00e8re de l&rsquo;anthroposophie, GA 233\/233a \u2014 26 d\u00e9c. 1923 \u2013 p. 52)<\/p>\n<\/blockquote>\n<p align=\"justify\">peuvent sembler parfaitement ubuesques, au bas mot. A froid, comme \u00e7a, c\u2019est m\u00eame un peu dr\u00f4le (si on oublie le fait qu\u2019il y ait un millier d\u2019\u00e9coles Steiner-Waldorf dans le monde, \u00e9videmment).<\/p>\n<p align=\"justify\">Mais \u00e0 la lecture de \u201cla Philosophie de la Libert\u00e9\u201d, je comprends maintenant comment de telles aberrations peuvent sembler plausibles, m\u00eame en 2014.<\/p>\n<h3 align=\"justify\"><strong><span style=\"color: #ff8000;\">Pourquoi la science c\u2019est trop mainstream<\/span><\/strong><\/h3>\n<p align=\"justify\">Dans un premier temps, il est n\u00e9cessaire de garder \u00e0 l\u2019esprit que l\u2019anthroposophie se veut avant tout une philosophie. Ou plut\u00f4t une \u201csupra-philosophie\u201d. Le principe \u00e9tant (paradoxalement) de r\u00e9fl\u00e9chir par soi-m\u00eame afin de sortir de nos pr\u00e9jug\u00e9s.<\/p>\n<p align=\"justify\">Je re-quote :<\/p>\n<blockquote>\n<p align=\"justify\">Nous ne voulons plus simplement croire; nous voulons savoir. La foi exige que nous admettions des v\u00e9rit\u00e9s que nous ne comprenons pas enti\u00e8rement. Or, ce que nous ne connaissons pas \u00e0 fond est ennemi de notre \u00eatre individuel qui veut tout exp\u00e9rimenter au plus profond de lui-m\u00eame. Pour qu\u2019un savoir nous satisfasse, il ne doit jamais se soumettre \u00e0 une norme ext\u00e9rieure, mais jaillir de la vie int\u00e9rieure de la personnalit\u00e9.<\/p>\n<p align=\"justify\"><em>(Philosophie de la libert\u00e9, Rudolf Steiner)<\/em><\/p>\n<\/blockquote>\n<p align=\"justify\">Nous devons donc <strong><em>percevoir<\/em><\/strong> la v\u00e9rit\u00e9, en avoir l\u2019intuition et l\u2019observer avec nos organes sensoriels, aka nos chakras. L\u2019humain tendant \u00e0 devenir pur esprit, nos organes physiques ne sont qu\u2019un triste palliatif \u00e0 notre mis\u00e9rable existence. Nos v\u00e9ritables organes sensoriels sont nos chakras, sauf que sans l\u2019adh\u00e9sion totale au Dogme et la pratique des ouatmilles m\u00e9ditations, nous sommes r\u00e9duits \u00e0 l\u2019\u00e9tat larvaire ce ceux qui ne Savent Pas.<\/p>\n<blockquote>\n<p align=\"justify\">Autrement dit, dans un \u00eatre pour qui les perceptions suprasensibles ont toujours exist\u00e9, mais qui en m\u00eame temps n\u2019a jamais quitt\u00e9 le terrain solide qu\u2019offre la rigueur scientifique, <i>\u00ab l\u2019\u00eatre spirituel que chacun porte en soi \u00bb<\/i> mais que nous percevons si rarement, d\u00e9sormais libre en Steiner, c\u2019est-\u00e0-dire d\u00e9gag\u00e9 des contraintes que lui imposait la relation spectateur-spectacle, peut maintenant acc\u00e9der sans obstacles et pleinement conscient, \u00e0 la claire vision de la r\u00e9alit\u00e9 spirituelle, au sein de laquelle r\u00e9side le Christ. Et cette exp\u00e9rience, accessible \u00e0 tous pourvu que les conditions en soient respect\u00e9es, il va l\u2019exprimer et donner les clefs pour y parvenir, en publiant peu apr\u00e8s <i>\u00ab Comment parvient-on \u00e0 des connaissances des mondes sup\u00e9rieurs \u00bb.<\/i><\/p>\n<p align=\"justify\">(<a href=\"http:\/\/www.conscience33.fr\/anthroposophie.htm\" target=\"_blank\" rel=\"noopener\">http:\/\/conscience 33.fr<\/a>)<\/p>\n<\/blockquote>\n<h3><span style=\"color: #ff8000;\"><strong>Tout s\u2019explique donc !<\/strong><\/span><\/h3>\n<p align=\"justify\">Nous ne pouvons pas voir la v\u00e9rit\u00e9 qui nous est cach\u00e9e, car nous sommes litt\u00e9ralement aveugles, c\u2019est pourquoi les sciences ne sont qu\u2019un leurre destin\u00e9s aux fous et aux ignorants ! Il faut donc croire aux pr\u00e9misses (l\u2019anthroposophie) aveugl\u00e9ment afin de sortir de notre aveuglement pour finir par voir enfin r\u00e9ellement ce qui<em>\u2026oh\u2026wait\u2026<\/em><\/p>\n<p align=\"justify\">Qui a dit \u201cpens\u00e9e circulaire\u201d ? Dites-donc, bande de malotrus, vous croyez que je ne vous entend pas rire, au fond de la salle (je suis s\u00fbre que c\u2019est encore ce type de chez <a href=\"http:\/\/www.nioutaik.fr\/?q=pens%C3%A9e+circulaire\" target=\"_blank\" rel=\"noopener\">Nioutaik<\/a>, rh\u00e0l\u00e0l\u00e0\u2026) ?<\/p>\n<p align=\"justify\"><img loading=\"lazy\" class=\"aligncenter wp-image-12721 size-full\" src=\"http:\/\/aucreuxdemoname.fr\/blog\/wp-content\/uploads\/anthroposophiecirculaire_thumb.jpg\" alt=\"anthroposophiecirculaire_thumb\" width=\"655\" height=\"622\" \/><\/p>\n<p align=\"justify\">Voil\u00e0 voil\u00e0.<\/p>\n<p align=\"justify\">Partant de l\u00e0\u2026<\/p>\n<h3 align=\"justify\"><strong><span style=\"color: #ff8000;\">Vers l\u2019impossible et au del\u00e0 !!!<\/span><\/strong><\/h3>\n<p align=\"justify\">Re-r\u00e9sumons.<\/p>\n<blockquote>\n<p align=\"justify\">Il y a des gens qui ne croient pas \u00e0 l\u2019existence de pens\u00e9es de ce genre. Ils disent : il n\u2019existe pas de pens\u00e9es qui ne soient extraites des perceptions ou des \u00e9tats int\u00e9rieurs conditionn\u00e9s par le corps. Les pens\u00e9es, ajoute-t-on, ne sont que les ombres projet\u00e9es des perceptions ou des impressions int\u00e9rieures. On ne peut avoir cette opinion que si l\u2019on ne s\u2019est jamais \u00e9lev\u00e9 \u00e0 l\u2019activit\u00e9 int\u00e9rieure qui permet de sentir vivre en soi une pens\u00e9e pure ne reposant que sur elle-m\u00eame. Quiconque conna\u00eet cette exp\u00e9rience consid\u00e8re comme une v\u00e9rit\u00e9 de fait que l\u00e0 o\u00f9, dans l\u2019\u00e2me, s\u2019exerce la pens\u00e9e, et dans la mesure o\u00f9 cette pens\u00e9e p\u00e9n\u00e8tre d\u2019autres fonctions psychiques, l\u2019homme exerce une activit\u00e9 \u00e0 laquelle le corps n\u2019a point part.<\/p>\n<p align=\"justify\">(Rudolf Steiner &#8211; <i>Comment parvient-on \u00e0 des connaissances des mondes sup\u00e9rieurs<\/i>)<\/p>\n<\/blockquote>\n<p align=\"justify\">(Si vous avez compris cette phrase, ne prenez pas la route)<\/p>\n<blockquote>\n<p align=\"justify\">Une science physique cela n\u2019a de sens que pour la Terre, car c\u2019est seulement sur la Terre qu\u2019il existe de la mati\u00e8re physique.<\/p>\n<\/blockquote>\n<p align=\"justify\">Donc je peux \u00e9noncer tout ce qui me passe par la t\u00eate quand j\u2019ai fum\u00e9 trop de salsepareille, <strong>osef<\/strong>, j\u2019ai raison puisque je suis le seul d\u00e9tenteur de la V\u00e9rit\u00e9 selon ma doctrine. <strong><em>LA LA LA JE N\u2019ENTENDS RIEN !<\/em><\/strong><\/p>\n<p align=\"justify\"><img loading=\"lazy\" class=\"aligncenter wp-image-12723 size-medium\" src=\"http:\/\/aucreuxdemoname.fr\/blog\/wp-content\/uploads\/fingersinears1_thumb-500x327.jpg\" alt=\"fingersinears1_thumb\" width=\"500\" height=\"327\" \/><\/p>\n<p align=\"justify\">Du coup,<\/p>\n<blockquote><p>La Lune physique n\u2019est plus que scories, parce que les forces qui fixent la forme r\u00e9sident en elle\u2026.<br \/>\nDeux groupes de forces dirigent leur influence vers la Terre : les forces du Soleil et celles de la Lune, les unes stimulantes, les autres p\u00e9trifiantes. \u2026 \u00bb<br \/>\n(Mythes et myst\u00e8res \u00e9gyptiens \u2014 GA 106 \u2013 VI \u2013 p. 65 \u2013 Triades, 1971)<\/p><\/blockquote>\n<p align=\"justify\"><strong>NORMAL.<\/strong><\/p>\n<blockquote><p>En effet, ce sang rouge qui circule dans nos veines n\u2019aurait jamais pu se former, si la Terre, au cours de son \u00e9volution, n\u2019avait crois\u00e9 l\u2019orbite d\u2019une autre plan\u00e8te, la plan\u00e8te Mars. Auparavant, il n\u2019y avait pas de fer sur notre globe, donc pas de sang non plus, puisque c\u2019est d\u2019un sang contenant du fer que d\u00e9pend notre constitution humaine d\u2019aujourd\u2019hui. En fait, l\u2019influence de Mars a \u00e9t\u00e9 pr\u00e9dominante dans la moiti\u00e9 de l\u2019\u00e9volution terrestre, celle de la plan\u00e8te Mercure dans la seconde. Si Mars a donn\u00e9 le fer \u00e0 notre globe, l\u2019influence de Mercure se manifeste diff\u00e9remment, elle rend l\u2019\u00e2me humaine de plus en plus libre, de plus en plus ind\u00e9pendante. \u00bb<br \/>\n(Th\u00e9osophie du Rose-Croix \u2013 GA 99 \u2013 7e conf\u00e9rence 31 mai 1907, p.102)<\/p><\/blockquote>\n<h3><strong>NORMAL !<\/strong><\/h3>\n<blockquote><p>Saturne est en constant processus de pourrissement ; il pourrit. C\u2019est pourquoi il y a une lueur autour de lui, mais lui-m\u00eame est obscur et para\u00eet donc bleu, parce que nous regardons, je dirais son obscurit\u00e9 \u00e0 travers les substances de pourritures dont il s\u2019entoure. Tandis que Mars nous montre qu\u2019il sans cesse \u00e0 vouloir vivre, Saturne nous montre qu\u2019il tend sans cesse \u00e0 vouloir mourir.<br \/>\n(Rythmes dans le Cosmos et dans l\u2019\u00eatre humain, GA 350, Dornach, 9 juin 1923, pages 91-94)<\/p><\/blockquote>\n<p>(Pardon, je ne m\u2019en lasse pas, comme d\u00e9j\u00e0 link\u00e9, <a href=\"http:\/\/gregoireperra.wordpress.com\/2012\/11\/27\/la-cosmologie-chimerique-de-rudolf-steiner-par-jean-francois-theys\/\" target=\"_blank\" rel=\"noopener\">allez voir cette page fabuleuse qui reprend la plupart des th\u00e9ories scientifiques de Rudolf Steiner<\/a>, je dois en \u00eatre \u00e0 ma quatri\u00e8me lecture et c\u2019est toujours aussi r\u00e9ussi, ce petit effet de salsepareille en intraveineuse, m\u00eame si la descente est rude.)<\/p>\n<h3><strong><span style=\"color: #ff8000;\">Pour finir<\/span><\/strong><\/h3>\n<p>Que Rudolf Steiner soit un \u201cphilosophe\u201d un peu \u00e0 l\u2019ouest, admettons. Y\u2019a bien des types qui pensent que l\u2019univers a 5000 ans et qui militent pour que \u00e7a soit enseign\u00e9 \u00e0 l\u2019\u00e9cole<em> (<\/em><a href=\"http:\/\/fr.wikipedia.org\/wiki\/Cr%C3%A9ationnisme#La_bataille_pour_l.27enseignement_du_cr.C3.A9ationnisme_aux_.C3.89tats-Unis\" target=\"_blank\" rel=\"noopener\"><em>\u2026oh\u2026re-wait\u2026<\/em><\/a><em>).<\/em> Le truc c\u2019est que ces concepts-l\u00e0 <strong>SONT<\/strong> actuellement enseign\u00e9s \u00e0 des gamins dans des \u00e9coles anthroposophiques. Tranquille.<\/p>\n<p><em>\u201cOui mais bon il a pas dit que des conneries, apr\u00e8s tout, c\u2019est un des fondateurs de l\u2019agriculture biodynamique, et qui dit biodynamique dit bio, et on sait tous que les pesticides sont nocifs pour nous et la Terre M\u00e8re.\u201d<\/em> me direz-vous.<\/p>\n<p>Sauf que c\u2019est pas si simple, les amis\u2026et je vous en raconterai plus dans un prochain dossier parce que j\u2019ai eu ma dose de bullshit pour <span style=\"text-decoration: line-through;\">la journ\u00e9e<\/span> l\u2019ann\u00e9e.<\/p>\n<p>Sur ce, je vais aller me nettoyer les yeux \u00e0 l\u2019\u00e9ther et sangloter en faisant des c\u00e2lins \u00e0 mes chats en position f\u0153tale un petit moment.<\/p>\n<\/article>","protected":false},"excerpt":{"rendered":"<p>Nous avons vu dans le billet pr\u00e9c\u00e9dent un r\u00e9sum\u00e9 de la pens\u00e9e anthroposophique. Ce fut laborieux, mais \u00e9difiant (au moins pour moi, et je&#8230;<\/p>\n","protected":false},"author":1,"featured_media":13190,"comment_status":"open","ping_status":"open","sticky":false,"template":"","format":"standard","meta":[],"categories":[12,11],"tags":[46,468,547,553,562,590,680],"_links":{"self":[{"href":"https:\/\/aucreuxdemoname.fr\/blog\/wp-json\/wp\/v2\/posts\/10588"}],"collection":[{"href":"https:\/\/aucreuxdemoname.fr\/blog\/wp-json\/wp\/v2\/posts"}],"about":[{"href":"https:\/\/aucreuxdemoname.fr\/blog\/wp-json\/wp\/v2\/types\/post"}],"author":[{"embeddable":true,"href":"https:\/\/aucreuxdemoname.fr\/blog\/wp-json\/wp\/v2\/users\/1"}],"replies":[{"embeddable":true,"href":"https:\/\/aucreuxdemoname.fr\/blog\/wp-json\/wp\/v2\/comments?post=10588"}],"version-history":[{"count":1,"href":"https:\/\/aucreuxdemoname.fr\/blog\/wp-json\/wp\/v2\/posts\/10588\/revisions"}],"predecessor-version":[{"id":15232,"href":"https:\/\/aucreuxdemoname.fr\/blog\/wp-json\/wp\/v2\/posts\/10588\/revisions\/15232"}],"wp:featuredmedia":[{"embeddable":true,"href":"https:\/\/aucreuxdemoname.fr\/blog\/wp-json\/wp\/v2\/media\/13190"}],"wp:attachment":[{"href":"https:\/\/aucreuxdemoname.fr\/blog\/wp-json\/wp\/v2\/media?parent=10588"}],"wp:term":[{"taxonomy":"category","embeddable":true,"href":"https:\/\/aucreuxdemoname.fr\/blog\/wp-json\/wp\/v2\/categories?post=10588"},{"taxonomy":"post_tag","embeddable":true,"href":"https:\/\/aucreuxdemoname.fr\/blog\/wp-json\/wp\/v2\/tags?post=10588"}],"curies":[{"name":"wp","href":"https:\/\/api.w.org\/{rel}","templated":true}]}}